{"id":5488,"date":"2026-08-28T09:50:33","date_gmt":"2026-08-28T09:50:33","guid":{"rendered":"https:\/\/prt.travelblox.eu\/?p=5488"},"modified":"2026-08-28T09:50:33","modified_gmt":"2026-08-28T09:50:33","slug":"packraft-dans-la-vallee-de-la-soca-parcours-de-7-jours-en-packraft-a-travers-ce-paradis-aux-eaux-emeraude-de-la-slovenie","status":"publish","type":"post","link":"https:\/\/prt.travelblox.eu\/fr\/packraft-dans-la-vallee-de-la-soca-parcours-de-7-jours-en-packraft-a-travers-ce-paradis-aux-eaux-emeraude-de-la-slovenie\/","title":{"rendered":"Packraft dans la vall\u00e9e de la So\u010da : parcours de 7 jours en packraft \u00e0 travers ce paradis aux eaux \u00e9meraude de la Slov\u00e9nie"},"content":{"rendered":"<div class=\"tb-wysiwyg tb-block align-left background-light pattern-none variant-none tb-collapsible-margins\" id=\"wysiwyg-7\">\n    <div class=\"inner-block\">\n        <div class=\"tb-wysiwyg__inner tb-wysiwyg__inner--highlight\">\n            <div class=\"inner-block\">\n                                    <!-- <div class=\"icon\">\n                    <img decoding=\"async\" src=\"\/var\/www\/prod\/public_html\/wp-content\/plugins\/tbx-plugin\/blox\/wysiwyg\/..\/..\/images\/wave-1.php \" alt=\"Lamp icon\"\/>\n                <\/div> -->\n                    <div class=\"icon\">\n                        <i class=\"fa-kit fa-tb-lightbulb\"><\/i>\n                    <\/div>\n                                <div class=\"text-part wysiwyg\">\n                                            <h4>Les conseils de l'\u00e9quipe<\/h4>                                        \t<div class=\"translation-block\"><p class=\"font-claude-response-body break-words whitespace-normal\" dir=\"ltr\"><strong>Quand partir ?<\/strong> <span style=\"font-weight: 400\">Entre fin juin et mi-septembre : m\u00e9t\u00e9o stable et niveaux d&#8217;eau id\u00e9aux sur la So\u010da.<\/span><\/p>\n<p class=\"font-claude-response-body break-words whitespace-normal\" dir=\"ltr\"><strong>Pour qui ?<\/strong> <span style=\"font-weight: 400\">D\u00e9butants comme confirm\u00e9s. Les eaux vives vont de la classe I \u00e0 III, une premi\u00e8re exp\u00e9rience en eaux vives est un plus mais pas une obligation.<\/span><\/p>\n<p class=\"font-claude-response-body break-words whitespace-normal\" dir=\"ltr\"><strong>Quelle condition physique ?<\/strong> <span style=\"font-weight: 400\">Savoir marcher jusqu&#8217;\u00e0 15 km plusieurs jours d&#8217;affil\u00e9e avec un sac de 5 kg. Les passages alpins sont assez exigeants.<\/span><\/p>\n<p class=\"font-claude-response-body break-words whitespace-normal\" dir=\"ltr\"><strong>Quoi emporter ?<\/strong> <span style=\"font-weight: 400\">Le moins d&#8217;affaires possibles car vous porterez votre sac toute la journ\u00e9e. Ne prenez uniquement ce dont vous avez besoin, le reste de vos bagages sera transport\u00e9 entre les diff\u00e9rentes \u00e9tapes.<\/span><\/p>\n<p class=\"font-claude-response-body break-words whitespace-normal\" dir=\"ltr\"><strong>Combien de temps ?<\/strong> <span style=\"font-weight: 400\">7 jours d&#8217;aventures dans le parc national du Triglav, sur la So\u010da et fin de s\u00e9jour \u00e0 Ljubljana.<\/span><\/p>\n<p dir=\"ltr\"><strong>O\u00f9 r\u00e9server ?<\/strong> <span style=\"font-weight: 400\">Partez avec <a href=\"https:\/\/thepackrafttrail.com\/fr\/slovenia\/?amp;utm_medium=organic_search&amp;utm_campaign=seo\">le Packraft Trail<\/a> ! Vous n&#8217;avez plus qu&#8217;\u00e0 pagayer, on s&#8217;occupe de la logistique.<\/span><\/p><\/div>\n\t                <\/div>\n            <\/div>\n        <\/div>\n    <\/div>\n<\/div>\n\n\n<div class=\"tb-wysiwyg tb-block align-left background-light pattern-none variant-none tb-collapsible-margins\" id=\"wysiwyg\">\n    <div class=\"inner-block\">\n        <div class=\"tb-wysiwyg__inner\">\n            <div class=\"inner-block\">\n                                <div class=\"text-part wysiwyg\">\n                                                                                                            \t<div class=\"translation-block\"><p>Vous r\u00eavez d&#8217;une v\u00e9ritable <strong>aventure en pleine nature<\/strong> en Europe ? Oubliez les sentiers de randonn\u00e9e bond\u00e9s. Gr\u00e2ce au packraft, un bateau gonflable et l\u00e9ger, vous pourrez explorer les <strong>coins pr\u00e9serv\u00e9s<\/strong> de la Slov\u00e9nie. <strong><a href=\"https:\/\/thepackrafttrail.com\/fr\/slovenia\/?amp;utm_medium=organic_search&amp;utm_campaign=seo\">Le Packraft Trail Slov\u00e9nie<\/a><\/strong> est une exp\u00e9dition de 7 jours dans la vall\u00e9e de la So\u010da, sur<strong> la plus belle rivi\u00e8re d&#8217;Europe<\/strong>. D\u00e9couvrez ici pourquoi cette aventure unique en son genre est la combinaison ultime entre randonn\u00e9e et packraft.<\/p><\/div>\n\t                <\/div>\n            <\/div>\n        <\/div>\n    <\/div>\n<\/div>\n\n\n<div class=\"tb-image tb-block align-none background-light pattern-none variant-none\" id=\"image\">\n\t<figure>\n\t\t\t\t\t<a href=\"https:\/\/thepackrafttrail.com\/fr\/slovenia\/\">\n\t\t\t\t<img src='https:\/\/prt.travelblox.eu\/wp-content\/smush-webp\/sites\/60\/2025\/01\/Reduced-pictures.jpg.webp' width='1200' height='800' alt='rafting en Slov\u00e9nie' srcset='https:\/\/prt.travelblox.eu\/wp-content\/smush-webp\/sites\/60\/2025\/01\/Reduced-pictures.jpg.webp 1200w, https:\/\/prt.travelblox.eu\/wp-content\/smush-webp\/sites\/60\/2025\/01\/Reduced-pictures-300x200.jpg.webp 300w, https:\/\/prt.travelblox.eu\/wp-content\/smush-webp\/sites\/60\/2025\/01\/Reduced-pictures-1024x683.jpg.webp 1024w, https:\/\/prt.travelblox.eu\/wp-content\/smush-webp\/sites\/60\/2025\/01\/Reduced-pictures-768x512.jpg.webp 768w, https:\/\/prt.travelblox.eu\/wp-content\/smush-webp\/sites\/60\/2025\/01\/Reduced-pictures-18x12.jpg.webp 18w' sizes=\"auto, (max-width: 1200px) 100vw, 1200px\" loading='lazy' decoding='async' data-smush-webp-fallback=\"{&quot;src&quot;:&quot;https:\\\/\\\/prt.travelblox.eu\\\/wp-content\\\/uploads\\\/sites\\\/60\\\/2025\\\/01\\\/Reduced-pictures.jpg&quot;,&quot;srcset&quot;:&quot;https:\\\/\\\/prt.travelblox.eu\\\/wp-content\\\/uploads\\\/sites\\\/60\\\/2025\\\/01\\\/Reduced-pictures.jpg 1200w, https:\\\/\\\/prt.travelblox.eu\\\/wp-content\\\/uploads\\\/sites\\\/60\\\/2025\\\/01\\\/Reduced-pictures-300x200.jpg 300w, https:\\\/\\\/prt.travelblox.eu\\\/wp-content\\\/uploads\\\/sites\\\/60\\\/2025\\\/01\\\/Reduced-pictures-1024x683.jpg 1024w, https:\\\/\\\/prt.travelblox.eu\\\/wp-content\\\/uploads\\\/sites\\\/60\\\/2025\\\/01\\\/Reduced-pictures-768x512.jpg 768w, https:\\\/\\\/prt.travelblox.eu\\\/wp-content\\\/uploads\\\/sites\\\/60\\\/2025\\\/01\\\/Reduced-pictures-18x12.jpg 18w&quot;}\">\t\t\t\t\t<\/a>\n\t\t\t\t\t<\/figure>\n<\/div>\n\n\n<div class=\"tb-wysiwyg tb-block align-left background-light pattern-none variant-none tb-collapsible-margins\" id=\"wysiwyg-1\">\n    <div class=\"inner-block\">\n        <div class=\"tb-wysiwyg__inner\">\n            <div class=\"inner-block\">\n                                <div class=\"text-part wysiwyg\">\n                                            <h2>Qu&#8217;est-ce que le Packraft Trail en Slov\u00e9nie ?<\/h2>                                                                \t<div class=\"translation-block\"><p>Le Packraft Trail en Slov\u00e9nie a \u00e9t\u00e9 enti\u00e8rement con\u00e7u pour vous. Il s&#8217;agit d&#8217;une <strong>exp\u00e9dition en packraft de sept jours<\/strong>, dans la vall\u00e9e de la So\u010da, \u00e0 r\u00e9aliser en autonomie, qui vous m\u00e8nera des glaciers des Alpes juliennes \u00e0 Ljubljana, la capitale verdoyante.<\/p>\n<p>Avec <a href=\"https:\/\/thepackrafttrail.com\/fr\/slovenia\/?amp;utm_medium=organic_search&amp;utm_campaign=seo\"><strong>le Packraft Trail<\/strong><\/a> , vous b\u00e9n\u00e9ficiez d&#8217;une formule tout compris : une logistique parfaitement organis\u00e9e, des cartes d\u00e9taill\u00e9es et des descriptions d&#8217;itin\u00e9raires, du mat\u00e9riel de packraft de haute qualit\u00e9 et la garantie que vos bagages principaux seront transport\u00e9s d&#8217;un h\u00e9bergement \u00e0 l&#8217;autre.<\/p><\/div>\n\t                <\/div>\n            <\/div>\n        <\/div>\n    <\/div>\n<\/div>\n\n\n<div class=\"tb-wysiwyg tb-block align-left background-dark pattern-none variant-none tb-collapsible-margins\" id=\"wysiwyg-2\">\n    <div class=\"inner-block\">\n        <div class=\"tb-wysiwyg__inner\">\n            <div class=\"inner-block\">\n                                <div class=\"text-part wysiwyg\">\n                                                                    <h3>L&#8217;itin\u00e9raire : 7 jours dans le parc national du Triglav<\/h3>                                        \t<div class=\"translation-block\"><p>Votre aventure commence au c\u0153ur du <strong>parc national du Triglav<\/strong>. L&#8217;itin\u00e9raire est une combinaison exceptionnelle de :<\/p>\n<ol>\n<li><strong>Packraft <\/strong>: \u00e0 bord de votre bateau maniable, vous naviguerez \u00e0 travers les c\u00e9l\u00e8bres tron\u00e7ons d&#8217;eaux vives de la <strong>So\u010da<\/strong> et de ses affluents. Vous d\u00e9couvrirez ainsi de pr\u00e8s les gorges spectaculaires et la couleur turquoise \u00e9clatante de la rivi\u00e8re.<\/li>\n<li style=\"font-weight: 400\"><strong>Randonn\u00e9e<\/strong> : votre packraft se range dans votre sac \u00e0 dos ! Vous pourrez ainsi parcourir les reliefs alpins du <strong>parc national du Triglav<\/strong>, gravir des points de vue et atteindre des lacs de montagne qui restent habituellement inaccessibles aux pagayeurs.<\/li>\n<li><strong>Moment culturel<\/strong> : Apr\u00e8s l&#8217;immersion en pleine nature, place \u00e0 la civilisation. La derni\u00e8re journ\u00e9e est consacr\u00e9e au retour et \u00e0 une fin de s\u00e9jour d\u00e9tendue \u00e0 <strong>Ljubljana<\/strong>, la capitale verdoyante et anim\u00e9e.<\/li>\n<\/ol><\/div>\n\t                <\/div>\n            <\/div>\n        <\/div>\n    <\/div>\n<\/div>\n\n\n<div class=\"tb-cta-banner tb-block align-left background-light pattern-none variant-none tb-collapsible-margins\" id=\"cta-banner\">\n    <div class=\"inner-block\">\n        <a href=\"https:\/\/thepackrafttrail.com\/fr\/slovenia\/\" class=\"tb-cta-banner__link\" target=\"\" title=\"\">\n            <div class=\"icon\"><i class=\"fa-solid fa-arrow-right\"><\/i><\/div>\n            <div class=\"text-part\">\n                                    <strong>Pr\u00eat pour l&#8217;aventure dans la vall\u00e9e de la So\u010da ?<\/strong>\n                                                    <span>Vous trouverez ici l&#8217;itin\u00e9raire d\u00e9taill\u00e9 du circuit de 7 jours en packraft en Slov\u00e9nie<\/span>\n                            <\/div>\n        <\/a>\n    <\/div>\n<\/div>\n\n\n<div class=\"tb-simple-gallery tb-block align-center background-light pattern-none variant-2-vertical-1-horizontal tb-collapsible-margins\" id=\"simple-gallery\">\n\t\t\t<div class=\"tb-simple-gallery__images\">\n\t\t\t\t\t\t\t\t\t\t\t\t\t\t\t\t\t\t\t\t\t\t<div class=\"tb-simple-gallery__image tb-simple-gallery__image--vertical\">\n\t\t\t\t\t\t<div class=\"tb-image-part\">\n\t\t\t\t\t\t\t<figure>\n\t\t\t\t\t\t\t\t<img src='https:\/\/prt.travelblox.eu\/wp-content\/smush-webp\/sites\/60\/2023\/10\/Copy-of-Siliquini-ThePackraftTrail-Slovenie-Travelbase-230820-2634.jpg.webp' width='1365' height='2048' alt='randonn\u00e9e en Slov\u00e9nie' srcset='https:\/\/prt.travelblox.eu\/wp-content\/smush-webp\/sites\/60\/2023\/10\/Copy-of-Siliquini-ThePackraftTrail-Slovenie-Travelbase-230820-2634.jpg.webp 1365w, https:\/\/prt.travelblox.eu\/wp-content\/smush-webp\/sites\/60\/2023\/10\/Copy-of-Siliquini-ThePackraftTrail-Slovenie-Travelbase-230820-2634-200x300.jpg.webp 200w, https:\/\/prt.travelblox.eu\/wp-content\/smush-webp\/sites\/60\/2023\/10\/Copy-of-Siliquini-ThePackraftTrail-Slovenie-Travelbase-230820-2634-683x1024.jpg.webp 683w, https:\/\/prt.travelblox.eu\/wp-content\/smush-webp\/sites\/60\/2023\/10\/Copy-of-Siliquini-ThePackraftTrail-Slovenie-Travelbase-230820-2634-768x1152.jpg.webp 768w, https:\/\/prt.travelblox.eu\/wp-content\/smush-webp\/sites\/60\/2023\/10\/Copy-of-Siliquini-ThePackraftTrail-Slovenie-Travelbase-230820-2634-1024x1536.jpg.webp 1024w, https:\/\/prt.travelblox.eu\/wp-content\/smush-webp\/sites\/60\/2023\/10\/Copy-of-Siliquini-ThePackraftTrail-Slovenie-Travelbase-230820-2634-8x12.jpg.webp 8w' sizes=\"auto, (max-width: 1365px) 100vw, 1365px\" loading='lazy' decoding='async' data-smush-webp-fallback=\"{&quot;src&quot;:&quot;https:\\\/\\\/prt.travelblox.eu\\\/wp-content\\\/uploads\\\/sites\\\/60\\\/2023\\\/10\\\/Copy-of-Siliquini-ThePackraftTrail-Slovenie-Travelbase-230820-2634.jpg&quot;,&quot;srcset&quot;:&quot;https:\\\/\\\/prt.travelblox.eu\\\/wp-content\\\/uploads\\\/sites\\\/60\\\/2023\\\/10\\\/Copy-of-Siliquini-ThePackraftTrail-Slovenie-Travelbase-230820-2634.jpg 1365w, https:\\\/\\\/prt.travelblox.eu\\\/wp-content\\\/uploads\\\/sites\\\/60\\\/2023\\\/10\\\/Copy-of-Siliquini-ThePackraftTrail-Slovenie-Travelbase-230820-2634-200x300.jpg 200w, https:\\\/\\\/prt.travelblox.eu\\\/wp-content\\\/uploads\\\/sites\\\/60\\\/2023\\\/10\\\/Copy-of-Siliquini-ThePackraftTrail-Slovenie-Travelbase-230820-2634-683x1024.jpg 683w, https:\\\/\\\/prt.travelblox.eu\\\/wp-content\\\/uploads\\\/sites\\\/60\\\/2023\\\/10\\\/Copy-of-Siliquini-ThePackraftTrail-Slovenie-Travelbase-230820-2634-768x1152.jpg 768w, https:\\\/\\\/prt.travelblox.eu\\\/wp-content\\\/uploads\\\/sites\\\/60\\\/2023\\\/10\\\/Copy-of-Siliquini-ThePackraftTrail-Slovenie-Travelbase-230820-2634-1024x1536.jpg 1024w, https:\\\/\\\/prt.travelblox.eu\\\/wp-content\\\/uploads\\\/sites\\\/60\\\/2023\\\/10\\\/Copy-of-Siliquini-ThePackraftTrail-Slovenie-Travelbase-230820-2634-8x12.jpg 8w&quot;}\">\t\t\t\t\t\t\t\t\t\t\t\t\t\t\t<\/figure>\n\t\t\t\t\t\t<\/div>\n\t\t\t\t\t<\/div>\n\t\t\t\t\t\t\t\t\t\t\t\t\t\t\t\t\t\t\t<div class=\"tb-simple-gallery__image tb-simple-gallery__image--vertical\">\n\t\t\t\t\t\t<div class=\"tb-image-part\">\n\t\t\t\t\t\t\t<figure>\n\t\t\t\t\t\t\t\t<img src='https:\/\/prt.travelblox.eu\/wp-content\/smush-webp\/sites\/60\/2025\/01\/Copy-of-Copy-of-Siliquini-ThePackraftTrail-Slovenie-Travelbase-230821-4229-1-e1767709365424.jpg.webp' width='1345' height='1530' alt='raften slovenie' srcset='https:\/\/prt.travelblox.eu\/wp-content\/smush-webp\/sites\/60\/2025\/01\/Copy-of-Copy-of-Siliquini-ThePackraftTrail-Slovenie-Travelbase-230821-4229-1-e1767709365424.jpg.webp 1345w, https:\/\/prt.travelblox.eu\/wp-content\/smush-webp\/sites\/60\/2025\/01\/Copy-of-Copy-of-Siliquini-ThePackraftTrail-Slovenie-Travelbase-230821-4229-1-e1767709365424-264x300.jpg.webp 264w, https:\/\/prt.travelblox.eu\/wp-content\/smush-webp\/sites\/60\/2025\/01\/Copy-of-Copy-of-Siliquini-ThePackraftTrail-Slovenie-Travelbase-230821-4229-1-e1767709365424-900x1024.jpg.webp 900w, https:\/\/prt.travelblox.eu\/wp-content\/smush-webp\/sites\/60\/2025\/01\/Copy-of-Copy-of-Siliquini-ThePackraftTrail-Slovenie-Travelbase-230821-4229-1-e1767709365424-768x874.jpg.webp 768w, https:\/\/prt.travelblox.eu\/wp-content\/smush-webp\/sites\/60\/2025\/01\/Copy-of-Copy-of-Siliquini-ThePackraftTrail-Slovenie-Travelbase-230821-4229-1-e1767709365424-11x12.jpg.webp 11w' sizes=\"auto, (max-width: 1345px) 100vw, 1345px\" loading='lazy' decoding='async' data-smush-webp-fallback=\"{&quot;src&quot;:&quot;https:\\\/\\\/prt.travelblox.eu\\\/wp-content\\\/uploads\\\/sites\\\/60\\\/2025\\\/01\\\/Copy-of-Copy-of-Siliquini-ThePackraftTrail-Slovenie-Travelbase-230821-4229-1-e1767709365424.jpg&quot;,&quot;srcset&quot;:&quot;https:\\\/\\\/prt.travelblox.eu\\\/wp-content\\\/uploads\\\/sites\\\/60\\\/2025\\\/01\\\/Copy-of-Copy-of-Siliquini-ThePackraftTrail-Slovenie-Travelbase-230821-4229-1-e1767709365424.jpg 1345w, https:\\\/\\\/prt.travelblox.eu\\\/wp-content\\\/uploads\\\/sites\\\/60\\\/2025\\\/01\\\/Copy-of-Copy-of-Siliquini-ThePackraftTrail-Slovenie-Travelbase-230821-4229-1-e1767709365424-264x300.jpg 264w, https:\\\/\\\/prt.travelblox.eu\\\/wp-content\\\/uploads\\\/sites\\\/60\\\/2025\\\/01\\\/Copy-of-Copy-of-Siliquini-ThePackraftTrail-Slovenie-Travelbase-230821-4229-1-e1767709365424-900x1024.jpg 900w, https:\\\/\\\/prt.travelblox.eu\\\/wp-content\\\/uploads\\\/sites\\\/60\\\/2025\\\/01\\\/Copy-of-Copy-of-Siliquini-ThePackraftTrail-Slovenie-Travelbase-230821-4229-1-e1767709365424-768x874.jpg 768w, https:\\\/\\\/prt.travelblox.eu\\\/wp-content\\\/uploads\\\/sites\\\/60\\\/2025\\\/01\\\/Copy-of-Copy-of-Siliquini-ThePackraftTrail-Slovenie-Travelbase-230821-4229-1-e1767709365424-11x12.jpg 11w&quot;}\">\t\t\t\t\t\t\t\t\t\t\t\t\t\t\t<\/figure>\n\t\t\t\t\t\t<\/div>\n\t\t\t\t\t<\/div>\n\t\t\t\t\t\t\t\t\t\t\t\t<\/div>\n\t<\/div>\n\n\n<div class=\"tb-wysiwyg tb-block align-left background-light pattern-none variant-none tb-collapsible-margins\" id=\"wysiwyg-3\">\n    <div class=\"inner-block\">\n        <div class=\"tb-wysiwyg__inner\">\n            <div class=\"inner-block\">\n                                <div class=\"text-part wysiwyg\">\n                                            <h2>La vall\u00e9e de la So\u010da : packraft en eaux vives dans les gorges d&#8217;\u00e9meraude<\/h2>                                                                \t<div class=\"translation-block\"><p>La <strong>So\u010da<\/strong> est au c\u0153ur du parcours et est mondialement connue pour sa couleur incomparable et ses conditions de pagayage exceptionnelles. C&#8217;est un v\u00e9ritable <strong>paradis pour les adeptes du packraft.<\/strong><\/p>\n<ul>\n<li style=\"font-weight: 400\"><span style=\"font-weight: 400\"><strong>La couleur turquoise<\/strong> : Le sol calcaire et la puret\u00e9 de l&#8217;eau conf\u00e8rent \u00e0 la So\u010da sa couleur turquoise unique et \u00e9clatante qui vous <strong>coupera litt\u00e9ralement le souffle<\/strong>.<\/span><\/li>\n<li style=\"font-weight: 400\"><span style=\"font-weight: 400\"><strong>Eaux vives de classe I \u00e0 III<\/strong> : vous d\u00e9couvrirez diff\u00e9rents niveaux de difficult\u00e9. Les pagayeurs d\u00e9butants comme confirm\u00e9s y trouveront leur compte. Les packrafts sont stables et pardonnent les erreurs, mais le <strong>sentiment d&#8217;aventure est garanti !<\/strong><\/span><\/li>\n<li style=\"font-weight: 400\"><span style=\"font-weight: 400\"><strong>Sentiers historiques<\/strong> : la vall\u00e9e de la So\u010da a \u00e9t\u00e9 le th\u00e9\u00e2tre des c\u00e9l\u00e8bres batailles de l&#8217;Isonzo pendant la Premi\u00e8re Guerre mondiale. Au cours de votre aventure en packraft, vous passerez \u00e9galement devant des ponts historiques qui conf\u00e8rent \u00e0 la r\u00e9gion un <strong>caract\u00e8re<\/strong> historique <strong>profond<\/strong>.<\/span><\/li>\n<\/ul><\/div>\n\t                <\/div>\n            <\/div>\n        <\/div>\n    <\/div>\n<\/div>\n\n\n<div class=\"tb-cta-banner tb-block align-left background-light pattern-none variant-none tb-collapsible-margins\" id=\"cta-banner-1\">\n    <div class=\"inner-block\">\n        <a href=\"https:\/\/thepackrafttrail.com\/fr\/slovenia\/#praktisch\" class=\"tb-cta-banner__link\" target=\"\" title=\"\">\n            <div class=\"icon\"><i class=\"fa-solid fa-arrow-right\"><\/i><\/div>\n            <div class=\"text-part\">\n                                    <strong>Vous souhaitez faire du packraft dans la vall\u00e9e de la So\u010da ?<\/strong>\n                                                    <span>D\u00e9couvrez toutes les informations utiles \u00e0 connaitre pour votre voyage !<\/span>\n                            <\/div>\n        <\/a>\n    <\/div>\n<\/div>\n\n\n<div class=\"tb-image tb-block align-none background-light pattern-none variant-none\" id=\"image-1\">\n\t<figure>\n\t\t\t\t\t<a href=\"https:\/\/thepackrafttrail.com\/fr\/slovenia\/\">\n\t\t\t\t<img src='https:\/\/prt.travelblox.eu\/wp-content\/smush-webp\/sites\/60\/2026\/07\/061A2524.jpg.webp' width='2048' height='1366' srcset='https:\/\/prt.travelblox.eu\/wp-content\/smush-webp\/sites\/60\/2026\/07\/061A2524.jpg.webp 2048w, https:\/\/prt.travelblox.eu\/wp-content\/smush-webp\/sites\/60\/2026\/07\/061A2524-300x200.jpg.webp 300w, https:\/\/prt.travelblox.eu\/wp-content\/smush-webp\/sites\/60\/2026\/07\/061A2524-1024x683.jpg.webp 1024w, https:\/\/prt.travelblox.eu\/wp-content\/smush-webp\/sites\/60\/2026\/07\/061A2524-768x512.jpg.webp 768w, https:\/\/prt.travelblox.eu\/wp-content\/smush-webp\/sites\/60\/2026\/07\/061A2524-1536x1025.jpg.webp 1536w, https:\/\/prt.travelblox.eu\/wp-content\/smush-webp\/sites\/60\/2026\/07\/061A2524-18x12.jpg.webp 18w' sizes=\"auto, (max-width: 2048px) 100vw, 2048px\" loading='lazy' decoding='async' data-smush-webp-fallback=\"{&quot;src&quot;:&quot;https:\\\/\\\/prt.travelblox.eu\\\/wp-content\\\/uploads\\\/sites\\\/60\\\/2026\\\/07\\\/061A2524.jpg&quot;,&quot;srcset&quot;:&quot;https:\\\/\\\/prt.travelblox.eu\\\/wp-content\\\/uploads\\\/sites\\\/60\\\/2026\\\/07\\\/061A2524.jpg 2048w, https:\\\/\\\/prt.travelblox.eu\\\/wp-content\\\/uploads\\\/sites\\\/60\\\/2026\\\/07\\\/061A2524-300x200.jpg 300w, https:\\\/\\\/prt.travelblox.eu\\\/wp-content\\\/uploads\\\/sites\\\/60\\\/2026\\\/07\\\/061A2524-1024x683.jpg 1024w, https:\\\/\\\/prt.travelblox.eu\\\/wp-content\\\/uploads\\\/sites\\\/60\\\/2026\\\/07\\\/061A2524-768x512.jpg 768w, https:\\\/\\\/prt.travelblox.eu\\\/wp-content\\\/uploads\\\/sites\\\/60\\\/2026\\\/07\\\/061A2524-1536x1025.jpg 1536w, https:\\\/\\\/prt.travelblox.eu\\\/wp-content\\\/uploads\\\/sites\\\/60\\\/2026\\\/07\\\/061A2524-18x12.jpg 18w&quot;}\">\t\t\t\t\t<\/a>\n\t\t\t\t\t<\/figure>\n<\/div>\n\n\n<div class=\"tb-wysiwyg tb-block align-left background-dark pattern-none variant-none tb-collapsible-margins\" id=\"wysiwyg-4\">\n    <div class=\"inner-block\">\n        <div class=\"tb-wysiwyg__inner\">\n            <div class=\"inner-block\">\n                                <div class=\"text-part wysiwyg\">\n                                            <h2>D\u00e9couvrez la biodiversit\u00e9 du parc national du Triglav :<\/h2>                                                                \t<div class=\"translation-block\"><p><span style=\"font-weight: 400\">Le <strong>parc national du Triglav<\/strong>, qui tire son nom du plus haut sommet de la Slov\u00e9nie, abrite une <strong>biodiversit\u00e9 unique<\/strong> que l&#8217;on ne retrouve pratiquement nulle part ailleurs en <strong>Europe centrale.<\/strong><\/span><\/p>\n<p><span style=\"font-weight: 400\">Le silence des for\u00eats alpines et l&#8217;isolement favorisent les rencontres avec les animaux :<\/span><\/p>\n<ul>\n<li style=\"font-weight: 400\"><span style=\"font-weight: 400\"><strong>La truite dor\u00e9e<\/strong> : ne manquez pas la truite marmorata, une sous-esp\u00e8ce <strong>rare<\/strong> que l&#8217;<strong>on ne trouve que<\/strong> dans le r\u00e9seau hydrographique de <strong>la vall\u00e9e de la So\u010da<\/strong>. Elle est un indicateur de la qualit\u00e9 exceptionnelle de l&#8217;eau.<\/span><\/li>\n<li style=\"font-weight: 400\"><span style=\"font-weight: 400\">La <strong>flore des Alpes juliennes<\/strong> : au cours de votre randonn\u00e9e, vous d\u00e9couvrirez des <strong>fleurs alpines rares<\/strong>, telles que la <strong>rose julienne<\/strong>, une esp\u00e8ce end\u00e9mique, ou le c\u00e9l\u00e8bre <strong>edelweiss<\/strong>.<\/span><\/li>\n<li style=\"font-weight: 400\"><span style=\"font-weight: 400\"><strong>Observation de la faune<\/strong> : bien que cela soit rare, avec un peu de chance, vous pourrez apercevoir des <strong>aigles royaux<\/strong>, des <strong>chamois<\/strong>, voire des traces d&#8217;ours bruns ou de lynx dans les <strong>r\u00e9gions<\/strong> montagneuses <strong>recul\u00e9es<\/strong>.<\/span><\/li>\n<\/ul>\n<p><span style=\"font-weight: 400\">Avec le <strong>packraft<\/strong>, vous passez du sentier \u00e0 l&#8217;eau en un instant. Cette <strong>libert\u00e9 totale<\/strong> vous offre un contact avec la nature comme nulle part ailleurs.<\/span><\/p><\/div>\n\t                <\/div>\n            <\/div>\n        <\/div>\n    <\/div>\n<\/div>\n\n\n<div class=\"tb-wysiwyg tb-block align-left background-light pattern-none variant-none tb-collapsible-margins\" id=\"wysiwyg-5\">\n    <div class=\"inner-block\">\n        <div class=\"tb-wysiwyg__inner\">\n            <div class=\"inner-block\">\n                                <div class=\"text-part wysiwyg\">\n                                                                                                            \t<div class=\"translation-block\"><\/div>\n\t                <\/div>\n            <\/div>\n        <\/div>\n    <\/div>\n<\/div>\n\n\n<div class=\"tb-simple-gallery tb-block align-center background-light pattern-none variant-2-vertical-1-horizontal tb-collapsible-margins\" id=\"simple-gallery-1\">\n\t\t\t<div class=\"tb-simple-gallery__images\">\n\t\t\t\t\t\t\t\t\t\t\t\t\t\t\t\t\t\t\t\t\t\t<div class=\"tb-simple-gallery__image tb-simple-gallery__image--vertical\">\n\t\t\t\t\t\t<div class=\"tb-image-part\">\n\t\t\t\t\t\t\t<figure>\n\t\t\t\t\t\t\t\t<img src='https:\/\/prt.travelblox.eu\/wp-content\/smush-webp\/sites\/60\/2025\/12\/Siliquini-ThePackraftTrail-Slovenie-Travelbase-230819-1804.jpg.webp' width='1365' height='2048' srcset='https:\/\/prt.travelblox.eu\/wp-content\/smush-webp\/sites\/60\/2025\/12\/Siliquini-ThePackraftTrail-Slovenie-Travelbase-230819-1804.jpg.webp 1365w, https:\/\/prt.travelblox.eu\/wp-content\/smush-webp\/sites\/60\/2025\/12\/Siliquini-ThePackraftTrail-Slovenie-Travelbase-230819-1804-200x300.jpg.webp 200w, https:\/\/prt.travelblox.eu\/wp-content\/smush-webp\/sites\/60\/2025\/12\/Siliquini-ThePackraftTrail-Slovenie-Travelbase-230819-1804-683x1024.jpg.webp 683w, https:\/\/prt.travelblox.eu\/wp-content\/smush-webp\/sites\/60\/2025\/12\/Siliquini-ThePackraftTrail-Slovenie-Travelbase-230819-1804-768x1152.jpg.webp 768w, https:\/\/prt.travelblox.eu\/wp-content\/smush-webp\/sites\/60\/2025\/12\/Siliquini-ThePackraftTrail-Slovenie-Travelbase-230819-1804-1024x1536.jpg.webp 1024w, https:\/\/prt.travelblox.eu\/wp-content\/smush-webp\/sites\/60\/2025\/12\/Siliquini-ThePackraftTrail-Slovenie-Travelbase-230819-1804-8x12.jpg.webp 8w' sizes=\"auto, (max-width: 1365px) 100vw, 1365px\" loading='lazy' decoding='async' data-smush-webp-fallback=\"{&quot;src&quot;:&quot;https:\\\/\\\/prt.travelblox.eu\\\/wp-content\\\/uploads\\\/sites\\\/60\\\/2025\\\/12\\\/Siliquini-ThePackraftTrail-Slovenie-Travelbase-230819-1804.jpg&quot;,&quot;srcset&quot;:&quot;https:\\\/\\\/prt.travelblox.eu\\\/wp-content\\\/uploads\\\/sites\\\/60\\\/2025\\\/12\\\/Siliquini-ThePackraftTrail-Slovenie-Travelbase-230819-1804.jpg 1365w, https:\\\/\\\/prt.travelblox.eu\\\/wp-content\\\/uploads\\\/sites\\\/60\\\/2025\\\/12\\\/Siliquini-ThePackraftTrail-Slovenie-Travelbase-230819-1804-200x300.jpg 200w, https:\\\/\\\/prt.travelblox.eu\\\/wp-content\\\/uploads\\\/sites\\\/60\\\/2025\\\/12\\\/Siliquini-ThePackraftTrail-Slovenie-Travelbase-230819-1804-683x1024.jpg 683w, https:\\\/\\\/prt.travelblox.eu\\\/wp-content\\\/uploads\\\/sites\\\/60\\\/2025\\\/12\\\/Siliquini-ThePackraftTrail-Slovenie-Travelbase-230819-1804-768x1152.jpg 768w, https:\\\/\\\/prt.travelblox.eu\\\/wp-content\\\/uploads\\\/sites\\\/60\\\/2025\\\/12\\\/Siliquini-ThePackraftTrail-Slovenie-Travelbase-230819-1804-1024x1536.jpg 1024w, https:\\\/\\\/prt.travelblox.eu\\\/wp-content\\\/uploads\\\/sites\\\/60\\\/2025\\\/12\\\/Siliquini-ThePackraftTrail-Slovenie-Travelbase-230819-1804-8x12.jpg 8w&quot;}\">\t\t\t\t\t\t\t\t\t\t\t\t\t\t\t<\/figure>\n\t\t\t\t\t\t<\/div>\n\t\t\t\t\t<\/div>\n\t\t\t\t\t\t\t\t\t\t\t\t\t\t\t\t\t\t\t<div class=\"tb-simple-gallery__image tb-simple-gallery__image--vertical\">\n\t\t\t\t\t\t<div class=\"tb-image-part\">\n\t\t\t\t\t\t\t<figure>\n\t\t\t\t\t\t\t\t<img src='https:\/\/prt.travelblox.eu\/wp-content\/smush-webp\/sites\/60\/2025\/12\/Siliquini-ThePackraftTrail-Slovenie-Travelbase-230822-4511.jpg.webp' width='1365' height='2048' srcset='https:\/\/prt.travelblox.eu\/wp-content\/smush-webp\/sites\/60\/2025\/12\/Siliquini-ThePackraftTrail-Slovenie-Travelbase-230822-4511.jpg.webp 1365w, https:\/\/prt.travelblox.eu\/wp-content\/smush-webp\/sites\/60\/2025\/12\/Siliquini-ThePackraftTrail-Slovenie-Travelbase-230822-4511-200x300.jpg.webp 200w, https:\/\/prt.travelblox.eu\/wp-content\/smush-webp\/sites\/60\/2025\/12\/Siliquini-ThePackraftTrail-Slovenie-Travelbase-230822-4511-683x1024.jpg.webp 683w, https:\/\/prt.travelblox.eu\/wp-content\/smush-webp\/sites\/60\/2025\/12\/Siliquini-ThePackraftTrail-Slovenie-Travelbase-230822-4511-768x1152.jpg.webp 768w, https:\/\/prt.travelblox.eu\/wp-content\/smush-webp\/sites\/60\/2025\/12\/Siliquini-ThePackraftTrail-Slovenie-Travelbase-230822-4511-1024x1536.jpg.webp 1024w, https:\/\/prt.travelblox.eu\/wp-content\/smush-webp\/sites\/60\/2025\/12\/Siliquini-ThePackraftTrail-Slovenie-Travelbase-230822-4511-8x12.jpg.webp 8w' sizes=\"auto, (max-width: 1365px) 100vw, 1365px\" loading='lazy' decoding='async' data-smush-webp-fallback=\"{&quot;src&quot;:&quot;https:\\\/\\\/prt.travelblox.eu\\\/wp-content\\\/uploads\\\/sites\\\/60\\\/2025\\\/12\\\/Siliquini-ThePackraftTrail-Slovenie-Travelbase-230822-4511.jpg&quot;,&quot;srcset&quot;:&quot;https:\\\/\\\/prt.travelblox.eu\\\/wp-content\\\/uploads\\\/sites\\\/60\\\/2025\\\/12\\\/Siliquini-ThePackraftTrail-Slovenie-Travelbase-230822-4511.jpg 1365w, https:\\\/\\\/prt.travelblox.eu\\\/wp-content\\\/uploads\\\/sites\\\/60\\\/2025\\\/12\\\/Siliquini-ThePackraftTrail-Slovenie-Travelbase-230822-4511-200x300.jpg 200w, https:\\\/\\\/prt.travelblox.eu\\\/wp-content\\\/uploads\\\/sites\\\/60\\\/2025\\\/12\\\/Siliquini-ThePackraftTrail-Slovenie-Travelbase-230822-4511-683x1024.jpg 683w, https:\\\/\\\/prt.travelblox.eu\\\/wp-content\\\/uploads\\\/sites\\\/60\\\/2025\\\/12\\\/Siliquini-ThePackraftTrail-Slovenie-Travelbase-230822-4511-768x1152.jpg 768w, https:\\\/\\\/prt.travelblox.eu\\\/wp-content\\\/uploads\\\/sites\\\/60\\\/2025\\\/12\\\/Siliquini-ThePackraftTrail-Slovenie-Travelbase-230822-4511-1024x1536.jpg 1024w, https:\\\/\\\/prt.travelblox.eu\\\/wp-content\\\/uploads\\\/sites\\\/60\\\/2025\\\/12\\\/Siliquini-ThePackraftTrail-Slovenie-Travelbase-230822-4511-8x12.jpg 8w&quot;}\">\t\t\t\t\t\t\t\t\t\t\t\t\t\t\t<\/figure>\n\t\t\t\t\t\t<\/div>\n\t\t\t\t\t<\/div>\n\t\t\t\t\t\t\t\t\t\t\t\t<\/div>\n\t<\/div>\n\n\n<div class=\"tb-wysiwyg tb-block align-left background-light pattern-none variant-none tb-collapsible-margins\" id=\"wysiwyg-6\">\n    <div class=\"inner-block\">\n        <div class=\"tb-wysiwyg__inner\">\n            <div class=\"inner-block\">\n                                <div class=\"text-part wysiwyg\">\n                                            <h2>Votre pr\u00e9paration pour la vall\u00e9e de la So\u010da : les meilleurs conseils pour r\u00e9ussir<\/h2>                                                                \t<div class=\"translation-block\"><ul>\n<li><span style=\"font-weight: 400\"><a href=\"https:\/\/thepackrafttrail.com\/fr\/slovenia\/#praktisch?amp;utm_medium=organic_search&amp;utm_campaign=seo\"><strong>Le Packraft Trail Slov\u00e9nie<\/strong><\/a> est une <strong>aventure<\/strong> encadr\u00e9e mais <strong>autonome<\/strong>. Vous disposez d&#8217;une totale libert\u00e9, mais vous \u00eates \u00e9galement <strong>responsable<\/strong> de votre propre <strong>s\u00e9curit\u00e9<\/strong>. Voici nos principaux <strong>conseils<\/strong> pour <strong>vous pr\u00e9parer au mieux<\/strong> au Packraft Trail sur la So\u010da :<br \/>\n<\/span><\/p>\n<table>\n<tbody>\n<tr>\n<td><\/td>\n<td><strong>Conseil de l&#8217;\u00e9quipe Packraft Trail<\/strong><\/td>\n<td><strong>Explication<\/strong><\/td>\n<\/tr>\n<tr>\n<td><strong>Exp\u00e9rience<\/strong><\/td>\n<td><span style=\"font-weight: 400\"><strong>D\u00e9couvrez le packraft<\/strong>, par exemple lors de l&#8217;une de nos <a href=\"https:\/\/thepackrafttrail.com\/fr\/?amp;utm_medium=organic_search&amp;utm_campaign=seo\"><strong>micro-aventures en packraft<\/strong>.<\/a><\/span><\/td>\n<td><span style=\"font-weight: 400\">M\u00eame si la So\u010da est navigable, une exp\u00e9rience de la descente en eaux vives et une bonne technique de pagayage constituent un atout suppl\u00e9mentaire pour votre s\u00e9curit\u00e9 et votre plaisir.<\/span><\/td>\n<\/tr>\n<tr>\n<td><strong>\u00c9quipement<\/strong><\/td>\n<td><span style=\"font-weight: 400\"><strong>Voyagez l\u00e9ger<\/strong> et utilisez des <strong>sacs \u00e9tanches<\/strong> de bonne qualit\u00e9 (drybags).<\/span><\/td>\n<td><span style=\"font-weight: 400\">Vous transportez tout ce dont vous avez besoin, soit dans votre sac \u00e0 dos pendant la randonn\u00e9e, soit dans votre packraft lorsque vous pagayez. Chaque kilo compte !\u00a0<\/span><\/td>\n<\/tr>\n<tr>\n<td><strong>Condition physique<\/strong><\/td>\n<td><span style=\"font-weight: 400\">Il faut \u00eatre capable de <strong>marcher 15 km<\/strong> pendant deux jours d&#8217;affil\u00e9e avec un <strong>sac \u00e0 dos<\/strong> d&#8217;environ <strong>5 kg.<\/strong><\/span><\/td>\n<td><span style=\"font-weight: 400\">Les passages alpins sont exigeants. Une bonne condition physique rend l&#8217;exp\u00e9rience bien plus agr\u00e9able.<\/span><\/td>\n<\/tr>\n<tr>\n<td><strong>S\u00e9curit\u00e9<\/strong><\/td>\n<td><span style=\"font-weight: 400\">Portez toujours le <strong>gilet de sauvetage<\/strong> et le <strong>casque<\/strong> que nous vous fournissons.<\/span><\/td>\n<td><span style=\"font-weight: 400\">La So\u010da est magnifique, mais c&#8217;est une rivi\u00e8re au courant puissant. Ne le sous-estimez jamais.<\/span><\/td>\n<\/tr>\n<tr>\n<td><strong>Meilleure p\u00e9riode<\/strong><\/td>\n<td><span style=\"font-weight: 400\">Partez entre <strong>d\u00e9but juin<\/strong> et <strong>mi-septembre<\/strong>.<\/span><\/td>\n<td><span style=\"font-weight: 400\">C&#8217;est la p\u00e9riode o\u00f9 les conditions m\u00e9t\u00e9orologiques sont les plus stables et o\u00f9 les niveaux d&#8217;eau sont id\u00e9aux pour pratiquer le packraft en Slov\u00e9nie.<\/span><\/td>\n<\/tr>\n<\/tbody>\n<\/table>\n<\/li>\n<\/ul><\/div>\n\t                <\/div>\n            <\/div>\n        <\/div>\n    <\/div>\n<\/div>\n\n\n<div class=\"tb-wysiwyg tb-block align-left background-light pattern-none variant-none tb-collapsible-margins\" id=\"wysiwyg-7-1\">\n    <div class=\"inner-block\">\n        <div class=\"tb-wysiwyg__inner tb-wysiwyg__inner--highlight\">\n            <div class=\"inner-block\">\n                                    <!-- <div class=\"icon\">\n                    <img decoding=\"async\" src=\"\/var\/www\/prod\/public_html\/wp-content\/plugins\/tbx-plugin\/blox\/wysiwyg\/..\/..\/images\/wave-1.php \" alt=\"Lamp icon\"\/>\n                <\/div> -->\n                    <div class=\"icon\">\n                        <i class=\"fa-kit fa-tb-lightbulb\"><\/i>\n                    <\/div>\n                                <div class=\"text-part wysiwyg\">\n                                            <h4>Vous avez d\u00e9j\u00e0 h\u00e2te de partir ?<\/h4>                                        \t<div class=\"translation-block\"><p><span style=\"font-weight: 400\">R\u00e9servez d\u00e8s aujourd\u2019hui votre place pour le Packraft Trail en Slov\u00e9nie. Les places sont limit\u00e9es et les meilleures dates sont rapidement compl\u00e8tes. Assurez-vous de pouvoir vivre cette aventure de 7 jours sur la So\u010da !<\/span><\/p>\n<p>&nbsp;<\/p>\n<p><a href=\"https:\/\/thepackrafttrail.com\/fr\/slovenia\/?amp;utm_medium=organic_search&amp;utm_campaign=seo\">Vous trouverez ici toutes nos dates et nos autres destinations <span style=\"font-weight: 400\">\u2192<\/span><\/a><\/p><\/div>\n\t                <\/div>\n            <\/div>\n        <\/div>\n    <\/div>\n<\/div>","protected":false},"excerpt":{"rendered":"<p>Pr\u00eat pour le meilleur voyage en packraft d&#8217;Europe ? D\u00e9couvrez la vall\u00e9e de la So\u010da en Slov\u00e9nie : 7 jours d&#8217;aventure sauvage \u00e0 travers les Alpes juliennes.<\/p>","protected":false},"author":161,"featured_media":3593,"comment_status":"closed","ping_status":"closed","sticky":false,"template":"","format":"standard","meta":{"_acf_changed":false,"inline_featured_image":false,"footnotes":""},"class_list":["post-5488","post","type-post","status-publish","format-standard","has-post-thumbnail","hentry","team-member-elise-du-packraft-trail","blog-category-highlights"],"acf":[],"_links":{"self":[{"href":"https:\/\/prt.travelblox.eu\/fr\/wp-json\/wp\/v2\/posts\/5488","targetHints":{"allow":["GET"]}}],"collection":[{"href":"https:\/\/prt.travelblox.eu\/fr\/wp-json\/wp\/v2\/posts"}],"about":[{"href":"https:\/\/prt.travelblox.eu\/fr\/wp-json\/wp\/v2\/types\/post"}],"author":[{"embeddable":true,"href":"https:\/\/prt.travelblox.eu\/fr\/wp-json\/wp\/v2\/users\/161"}],"replies":[{"embeddable":true,"href":"https:\/\/prt.travelblox.eu\/fr\/wp-json\/wp\/v2\/comments?post=5488"}],"version-history":[{"count":50,"href":"https:\/\/prt.travelblox.eu\/fr\/wp-json\/wp\/v2\/posts\/5488\/revisions"}],"predecessor-version":[{"id":5570,"href":"https:\/\/prt.travelblox.eu\/fr\/wp-json\/wp\/v2\/posts\/5488\/revisions\/5570"}],"wp:attachment":[{"href":"https:\/\/prt.travelblox.eu\/fr\/wp-json\/wp\/v2\/media?parent=5488"}],"curies":[{"name":"wp","href":"https:\/\/api.w.org\/{rel}","templated":true}]}}